{"id":9522,"date":"2024-02-26T07:56:51","date_gmt":"2024-02-26T07:56:51","guid":{"rendered":"https:\/\/www.efuels-forum.de\/2024\/02\/26\/efuels-infostop-in-lohne\/"},"modified":"2024-02-26T07:56:51","modified_gmt":"2024-02-26T07:56:51","slug":"efuels-infostop-in-lohne","status":"publish","type":"post","link":"https:\/\/www.efuels-forum.de\/nl\/2024\/02\/26\/efuels-infostop-in-lohne\/","title":{"rendered":"eFuels infostop in Lohne"},"content":{"rendered":"<div class=\"gmail-\">\n<div class=\"gmail-_1mf gmail-_1mj\">Weer een zeer geslaagde <span class=\"gmail-_5zk7\">eFuels infostop<\/span>&#8211; deze keer op de <a href=\"https:\/\/innovationscampus-lohne.de\/\" target=\"_blank\" rel=\"noopener\">Lohne<span class=\"gmail-_5zk7\">Innovation Campus<\/span><\/a>. Als onderdeel van een DeepDive over het onderwerp &#8220;De mobiliteit van de toekomst&#8221; werden <span class=\"gmail-_5zk7\">synthetische<\/span> <span class=\"gmail-_5zk7\">brandstoffen<\/span> geanalyseerd. <a href=\"https:\/\/klima-kraftstoffe.de\/\" target=\"_blank\" rel=\"noopener\"><br \/>\n  <span class=\"gmail-_5zk7\">klimaatbrandstoffen<\/span><br \/>\n<\/a> zoals <span class=\"gmail-_5zk7\">HVO100<\/span> en eFuels werden in een spannende presentatie gepresenteerd aan meer dan 150 gasten op locatie en talrijke deelnemers via een livestream.<\/div>\n<\/div>\n<div class=\"gmail-\">\n<div class=\"gmail-_1mf gmail-_1mj\"><\/div>\n<\/div>\n<div class=\"gmail-\">\n<div class=\"gmail-_1mf gmail-_1mj\">Ludger Br\u00e4mswig van onze eFuels-vrienden <a href=\"https:\/\/www.braemswig.com\/\" target=\"_blank\" rel=\"noopener\">Ludger Br\u00e4mswig GmbH<\/a> en Sven Sch\u00f6kel waren erbij!<\/div>\n<\/div>\n<div class=\"gmail-\">\n<div class=\"gmail-_1mf gmail-_1mj\"><\/div>\n<\/div>\n<div class=\"gmail-\">\n<div class=\"gmail-_1mf gmail-_1mj\">Andere sprekers van hoog kaliber waren Prof. Dr Jantje Halberstadt van de <a href=\"https:\/\/www.uni-vechta.de\/\" target=\"_blank\" rel=\"noopener\"><span class=\"gmail-_5zk7\">Universiteit van<\/span> <span class=\"gmail-_5zk7\">Vechta<\/span><\/a><span class=\"gmail-_5zk7\">Districtsbestuurder<\/span> Tobias Gerdesmeyer en Maximilian Freiherr von Wiedersperg, Hoofd Verkoop Luxe Segment bij de <a href=\"https:\/\/www.bmwgroup.com\/de.html\" target=\"_blank\" rel=\"noopener\"><span class=\"gmail-_5zk7\">BMW<\/span> Group<\/a>.<\/div>\n<\/div>\n<div class=\"gmail-\">\n<div class=\"gmail-_1mf gmail-_1mj\"><\/div>\n<\/div>\n<div class=\"gmail-\">\n<div class=\"gmail-_1mf gmail-_1mj\">Veel dank voor de uitnodiging en organisatie gaat uit naar Andr\u00e9 H\u00fcttemeyer, Clemens Meistermann en Philipp Hann\u00f6ver en de bedrijven <a href=\"https:\/\/amachtentag.de\/\" target=\"_blank\" rel=\"noopener\">Am Achten Tag GmbH<\/a> en <a href=\"https:\/\/bundk.de\/\" target=\"_blank\" rel=\"noopener\">BMW B&amp;K<\/a>.<\/div>\n<\/div>\n","protected":false},"excerpt":{"rendered":"<p>Weer een zeer geslaagde eFuels infostop&#8211; deze keer op de LohneInnovation Campus. Als onderdeel van een DeepDive over het onderwerp &#8220;De mobiliteit van de toekomst&#8221; werden synthetische brandstoffen geanalyseerd. klimaatbrandstoffen zoals HVO100 en eFuels werden in een spannende presentatie gepresenteerd aan meer dan 150 gasten op locatie en talrijke deelnemers via een livestream. Ludger Br\u00e4mswig [&hellip;]<\/p>\n","protected":false},"author":7,"featured_media":9526,"comment_status":"open","ping_status":"open","sticky":false,"template":"","format":"standard","meta":{"_efuels_review_status":"","_efuels_reject_reason":"","_efuels_reject_code":"","_efuels_rejected_by":0,"_efuels_rejected_at":"","_efuels_approved_by":0,"_efuels_approved_at":"","_efuels_relevanz_score":0,"_efuels_quelle":"","_efuels_notion_id":"","_efuels_anweisungen":"","_efuels_bild_modus":"","footnotes":""},"categories":[101],"tags":[],"class_list":["post-9522","post","type-post","status-publish","format-standard","has-post-thumbnail","hentry","category-nieuws-over-e-brandstoffen"],"_links":{"self":[{"href":"https:\/\/www.efuels-forum.de\/nl\/wp-json\/wp\/v2\/posts\/9522","targetHints":{"allow":["GET"]}}],"collection":[{"href":"https:\/\/www.efuels-forum.de\/nl\/wp-json\/wp\/v2\/posts"}],"about":[{"href":"https:\/\/www.efuels-forum.de\/nl\/wp-json\/wp\/v2\/types\/post"}],"author":[{"embeddable":true,"href":"https:\/\/www.efuels-forum.de\/nl\/wp-json\/wp\/v2\/users\/7"}],"replies":[{"embeddable":true,"href":"https:\/\/www.efuels-forum.de\/nl\/wp-json\/wp\/v2\/comments?post=9522"}],"version-history":[{"count":0,"href":"https:\/\/www.efuels-forum.de\/nl\/wp-json\/wp\/v2\/posts\/9522\/revisions"}],"wp:featuredmedia":[{"embeddable":true,"href":"https:\/\/www.efuels-forum.de\/nl\/wp-json\/wp\/v2\/media\/9526"}],"wp:attachment":[{"href":"https:\/\/www.efuels-forum.de\/nl\/wp-json\/wp\/v2\/media?parent=9522"}],"wp:term":[{"taxonomy":"category","embeddable":true,"href":"https:\/\/www.efuels-forum.de\/nl\/wp-json\/wp\/v2\/categories?post=9522"},{"taxonomy":"post_tag","embeddable":true,"href":"https:\/\/www.efuels-forum.de\/nl\/wp-json\/wp\/v2\/tags?post=9522"}],"curies":[{"name":"wp","href":"https:\/\/api.w.org\/{rel}","templated":true}]}}