{"id":9137,"date":"2022-09-14T08:30:13","date_gmt":"2022-09-14T08:30:13","guid":{"rendered":"https:\/\/www.efuels-forum.de\/2022\/09\/14\/vs-investeert-370-miljard-in-de-bevordering-van-klimaattechnologieen\/"},"modified":"2022-09-14T08:30:13","modified_gmt":"2022-09-14T08:30:13","slug":"vs-investeert-370-miljard-in-de-bevordering-van-klimaattechnologieen","status":"publish","type":"post","link":"https:\/\/www.efuels-forum.de\/nl\/2022\/09\/14\/vs-investeert-370-miljard-in-de-bevordering-van-klimaattechnologieen\/","title":{"rendered":"VS investeert 370 miljard in de bevordering van klimaattechnologie\u00ebn"},"content":{"rendered":"<div dir=\"auto\">Een sterk signaal en veel stimulans om te investeren in <strong>eFuels<\/strong>: dat is wat het miljarden euro kostende <strong>klimaatbeschermings- en sociale pakket<\/strong> dat Biden onlangs ondertekende, bekend als de Inflation Reduction Act (IRA), biedt.<br \/>\nHet doel is om de Amerikaanse samenleving met succes te &#8220;transformeren&#8221; voor de toekomst en te zorgen voor duurzame vooruitgang en welvaart.<\/div>\n<div dir=\"auto\"><\/div>\n<div dir=\"auto\">Het omvat een <strong>investering<\/strong> van in totaal <strong>370 miljard US dollar<\/strong> om <strong>klimaattechnologie\u00ebn<\/strong> te <strong>promoten<\/strong>. En wat nog belangrijker is: belastingvoordelen tot 3 Amerikaanse dollar per kg waterstof zijn mogelijk als de koolstofvoetafdruk lager is dan 0,45 kg CO2 per kg waterstof &#8211; tien jaar lang! &#8220;Deze belastingvoordelen zullen de VS waarschijnlijk tot een van de goedkoopste regio&#8217;s ter wereld maken voor de productie van schone waterstof,&#8221; zegt het World Economic Forum. Bovendien beweert ons lid, Siemens Energy, dat de IRA &#8220;de problemen met de toeleveringsketen, die momenteel de productiesector be\u00efnvloeden, zal helpen verlichten, goedbetaalde banen zal cre\u00ebren en investeringen in schone energietechnologie\u00ebn zal stimuleren&#8221;!<\/div>\n<div dir=\"auto\"><\/div>\n<div dir=\"auto\">Bron tekst #eFuelAlliance:<\/div>\n<div dir=\"auto\"><a href=\"https:\/\/www.linkedin.com\/posts\/efuel-alliance_the-inflation-reduction-act-is-a-strong-step-activity-6967513222824247296-a2_i\/\" target=\"_blank\" rel=\"noopener\">https:\/\/www.linkedin.com\/posts\/efuel-alliance_the-inflation-reduction-act-is-a-strong-step-activity-6967513222824247296-a2_i\/<\/a><\/div>\n","protected":false},"excerpt":{"rendered":"<p>Een sterk signaal en veel stimulans om te investeren in eFuels: dat is wat het miljarden euro kostende klimaatbeschermings- en sociale pakket dat Biden onlangs ondertekende, bekend als de Inflation Reduction Act (IRA), biedt. Het doel is om de Amerikaanse samenleving met succes te &#8220;transformeren&#8221; voor de toekomst en te zorgen voor duurzame vooruitgang en [&hellip;]<\/p>\n","protected":false},"author":4,"featured_media":9141,"comment_status":"open","ping_status":"open","sticky":false,"template":"","format":"standard","meta":{"footnotes":""},"categories":[101],"tags":[],"class_list":["post-9137","post","type-post","status-publish","format-standard","has-post-thumbnail","hentry","category-nieuws-over-e-brandstoffen"],"_links":{"self":[{"href":"https:\/\/www.efuels-forum.de\/nl\/wp-json\/wp\/v2\/posts\/9137","targetHints":{"allow":["GET"]}}],"collection":[{"href":"https:\/\/www.efuels-forum.de\/nl\/wp-json\/wp\/v2\/posts"}],"about":[{"href":"https:\/\/www.efuels-forum.de\/nl\/wp-json\/wp\/v2\/types\/post"}],"author":[{"embeddable":true,"href":"https:\/\/www.efuels-forum.de\/nl\/wp-json\/wp\/v2\/users\/4"}],"replies":[{"embeddable":true,"href":"https:\/\/www.efuels-forum.de\/nl\/wp-json\/wp\/v2\/comments?post=9137"}],"version-history":[{"count":0,"href":"https:\/\/www.efuels-forum.de\/nl\/wp-json\/wp\/v2\/posts\/9137\/revisions"}],"wp:featuredmedia":[{"embeddable":true,"href":"https:\/\/www.efuels-forum.de\/nl\/wp-json\/wp\/v2\/media\/9141"}],"wp:attachment":[{"href":"https:\/\/www.efuels-forum.de\/nl\/wp-json\/wp\/v2\/media?parent=9137"}],"wp:term":[{"taxonomy":"category","embeddable":true,"href":"https:\/\/www.efuels-forum.de\/nl\/wp-json\/wp\/v2\/categories?post=9137"},{"taxonomy":"post_tag","embeddable":true,"href":"https:\/\/www.efuels-forum.de\/nl\/wp-json\/wp\/v2\/tags?post=9137"}],"curies":[{"name":"wp","href":"https:\/\/api.w.org\/{rel}","templated":true}]}}