{"id":11572,"date":"2024-10-07T07:44:21","date_gmt":"2024-10-07T07:44:21","guid":{"rendered":"https:\/\/www.efuels-forum.de\/2024\/10\/07\/hif-global-kondigt-e-methanolproject-in-brazilie-aan\/"},"modified":"2024-10-07T07:45:12","modified_gmt":"2024-10-07T07:45:12","slug":"hif-global-kondigt-e-methanolproject-in-brazilie-aan","status":"publish","type":"post","link":"https:\/\/www.efuels-forum.de\/nl\/2024\/10\/07\/hif-global-kondigt-e-methanolproject-in-brazilie-aan\/","title":{"rendered":"HIF Global kondigt e-methanolproject in Brazili\u00eb aan"},"content":{"rendered":"<div class=\"xdj266r x11i5rnm xat24cr x1mh8g0r x1vvkbs x126k92a\">\n<div dir=\"auto\">\n<p><strong>Nu is het tijd om de basis te leggen voor onze mobiliteit van morgen!<\/strong> In lijn met deze vraag kondigt <a href=\"https:\/\/hifglobal.com\/\" target=\"_blank\" rel=\"noopener\">HIF Global<\/a> een e-methanol project aan in Brazili\u00eb!<br \/>\nEind september ondertekende het bedrijf een landreserveringsovereenkomst met de haven van A\u00e7u, een van de belangrijkste havens van Brazili\u00eb, om op de locatie een fabriek te bouwen voor de productie van maximaal 800.000 ton e-methanol per jaar.   <span class=\"html-span xexx8yu x4uap5 x18d9i69 xkhd6sd x1hl2dhg x16tdsg8 x1vvkbs x3nfvp2 x1j61x8r x1fcty0u xdj266r xat24cr xgzva0m xhhsvwb xxymvpz xlup9mm x1kky2od\">Cesar Norton Sacre, President en CEO van HIF Global: &#8220;We exploiteren de eerste eFuels-fabriek ter wereld in het zuiden van Chili, waarmee we bewijzen dat eFuels een re\u00eble en concrete oplossing zijn in de strijd tegen klimaatverandering. De haven van A\u00e7u wordt een belangrijke pijler in het bouwen aan een duurzame toekomst. We kijken ernaar uit om met HIF Global samen te werken aan dit eerste project in Brazili\u00eb&#8221;.<\/span><\/p>\n<p><span class=\"html-span xexx8yu x4uap5 x18d9i69 xkhd6sd x1hl2dhg x16tdsg8 x1vvkbs x3nfvp2 x1j61x8r x1fcty0u xdj266r xat24cr xgzva0m xhhsvwb xxymvpz xlup9mm x1kky2od\">HIF Global is ook wereldwijd op zoek naar locaties voor de ontwikkeling van eFuels.<br \/>\nOptimale omstandigheden zijn onder andere toegang tot goedkope hernieuwbare energie en CO2-bronnen, een stabiel wettelijk kader, gunstige marktomstandigheden en goed ontwikkelde havenfaciliteiten. <\/span><\/p>\n<\/div>\n<\/div>\n","protected":false},"excerpt":{"rendered":"<p>Nu is het tijd om de basis te leggen voor onze mobiliteit van morgen! In lijn met deze vraag kondigt HIF Global een e-methanol project aan in Brazili\u00eb! Eind september ondertekende het bedrijf een landreserveringsovereenkomst met de haven van A\u00e7u, een van de belangrijkste havens van Brazili\u00eb, om op de locatie een fabriek te bouwen [&hellip;]<\/p>\n","protected":false},"author":7,"featured_media":11569,"comment_status":"open","ping_status":"open","sticky":false,"template":"","format":"standard","meta":{"footnotes":""},"categories":[101],"tags":[],"class_list":["post-11572","post","type-post","status-publish","format-standard","has-post-thumbnail","hentry","category-nieuws-over-e-brandstoffen"],"_links":{"self":[{"href":"https:\/\/www.efuels-forum.de\/nl\/wp-json\/wp\/v2\/posts\/11572","targetHints":{"allow":["GET"]}}],"collection":[{"href":"https:\/\/www.efuels-forum.de\/nl\/wp-json\/wp\/v2\/posts"}],"about":[{"href":"https:\/\/www.efuels-forum.de\/nl\/wp-json\/wp\/v2\/types\/post"}],"author":[{"embeddable":true,"href":"https:\/\/www.efuels-forum.de\/nl\/wp-json\/wp\/v2\/users\/7"}],"replies":[{"embeddable":true,"href":"https:\/\/www.efuels-forum.de\/nl\/wp-json\/wp\/v2\/comments?post=11572"}],"version-history":[{"count":0,"href":"https:\/\/www.efuels-forum.de\/nl\/wp-json\/wp\/v2\/posts\/11572\/revisions"}],"wp:featuredmedia":[{"embeddable":true,"href":"https:\/\/www.efuels-forum.de\/nl\/wp-json\/wp\/v2\/media\/11569"}],"wp:attachment":[{"href":"https:\/\/www.efuels-forum.de\/nl\/wp-json\/wp\/v2\/media?parent=11572"}],"wp:term":[{"taxonomy":"category","embeddable":true,"href":"https:\/\/www.efuels-forum.de\/nl\/wp-json\/wp\/v2\/categories?post=11572"},{"taxonomy":"post_tag","embeddable":true,"href":"https:\/\/www.efuels-forum.de\/nl\/wp-json\/wp\/v2\/tags?post=11572"}],"curies":[{"name":"wp","href":"https:\/\/api.w.org\/{rel}","templated":true}]}}