{"id":8573,"date":"2024-02-26T07:56:51","date_gmt":"2024-02-26T07:56:51","guid":{"rendered":"https:\/\/www.efuels-forum.de\/2024\/02\/26\/efuels-info-stop-in-lohne\/"},"modified":"2024-02-26T07:56:51","modified_gmt":"2024-02-26T07:56:51","slug":"efuels-info-stop-in-lohne","status":"publish","type":"post","link":"https:\/\/www.efuels-forum.de\/en\/2024\/02\/26\/efuels-info-stop-in-lohne\/","title":{"rendered":"eFuels info stop in Lohne"},"content":{"rendered":"<div class=\"gmail-\">\n<div class=\"gmail-_1mf gmail-_1mj\">Another very successful <span class=\"gmail-_5zk7\">eFuels info stop<\/span>&#8211; this time at the <a href=\"https:\/\/innovationscampus-lohne.de\/\" target=\"_blank\" rel=\"noopener\">Lohne<span class=\"gmail-_5zk7\">Innovation Campus<\/span><\/a>. As part of a DeepDive on the topic of &#8220;The mobility of the future&#8221; <span class=\"gmail-_5zk7\">synthetic<\/span> <span class=\"gmail-_5zk7\">fuels<\/span> were <a href=\"https:\/\/klima-kraftstoffe.de\/\" target=\"_blank\" rel=\"noopener\"><br \/>\n  <span class=\"gmail-_5zk7\">climate fuels<\/span><br \/>\n<\/a> such as <span class=\"gmail-_5zk7\">HVO100<\/span> and eFuels were presented to over 150 guests on site and numerous participants in a live stream in an exciting presentation.<\/div>\n<\/div>\n<div class=\"gmail-\">\n<div class=\"gmail-_1mf gmail-_1mj\"><\/div>\n<\/div>\n<div class=\"gmail-\">\n<div class=\"gmail-_1mf gmail-_1mj\">Ludger Br\u00e4mswig from our eFuels friends <a href=\"https:\/\/www.braemswig.com\/\" target=\"_blank\" rel=\"noopener\">Ludger Br\u00e4mswig GmbH<\/a> and Sven Sch\u00f6kel were there with us!<\/div>\n<\/div>\n<div class=\"gmail-\">\n<div class=\"gmail-_1mf gmail-_1mj\"><\/div>\n<\/div>\n<div class=\"gmail-\">\n<div class=\"gmail-_1mf gmail-_1mj\">Other top-class speakers included Prof. Dr. Jantje Halberstadt from the <a href=\"https:\/\/www.uni-vechta.de\/\" target=\"_blank\" rel=\"noopener\"><span class=\"gmail-_5zk7\">University of<\/span> <span class=\"gmail-_5zk7\">Vechta<\/span><\/a><span class=\"gmail-_5zk7\">District Administrator<\/span> Tobias Gerdesmeyer and Maximilian Freiherr von Wiedersperg, Head of Sales Luxury Segment at the <a href=\"https:\/\/www.bmwgroup.com\/de.html\" target=\"_blank\" rel=\"noopener\"><span class=\"gmail-_5zk7\">BMW<\/span> Group<\/a>.<\/div>\n<\/div>\n<div class=\"gmail-\">\n<div class=\"gmail-_1mf gmail-_1mj\"><\/div>\n<\/div>\n<div class=\"gmail-\">\n<div class=\"gmail-_1mf gmail-_1mj\">Many thanks for the invitation and organization go to Andr\u00e9 H\u00fcttemeyer, Clemens Meistermann and Philipp Hann\u00f6ver as well as to the companies <a href=\"https:\/\/amachtentag.de\/\" target=\"_blank\" rel=\"noopener\">Am Achten Tag GmbH<\/a> and <a href=\"https:\/\/bundk.de\/\" target=\"_blank\" rel=\"noopener\">BMW B&amp;K<\/a>.<\/div>\n<\/div>\n","protected":false},"excerpt":{"rendered":"<p>Another very successful eFuels info stop&#8211; this time at the LohneInnovation Campus. As part of a DeepDive on the topic of &#8220;The mobility of the future&#8221; synthetic fuels were climate fuels such as HVO100 and eFuels were presented to over 150 guests on site and numerous participants in a live stream in an exciting presentation. [&hellip;]<\/p>\n","protected":false},"author":7,"featured_media":8571,"comment_status":"open","ping_status":"open","sticky":false,"template":"","format":"standard","meta":{"_efuels_review_status":"","_efuels_reject_reason":"","_efuels_reject_code":"","_efuels_rejected_by":0,"_efuels_rejected_at":"","_efuels_approved_by":0,"_efuels_approved_at":"","_efuels_relevanz_score":0,"_efuels_quelle":"","_efuels_notion_id":"","_efuels_anweisungen":"","_efuels_bild_modus":"","footnotes":""},"categories":[50],"tags":[],"class_list":["post-8573","post","type-post","status-publish","format-standard","has-post-thumbnail","hentry","category-e-fuels-news-en"],"_links":{"self":[{"href":"https:\/\/www.efuels-forum.de\/en\/wp-json\/wp\/v2\/posts\/8573","targetHints":{"allow":["GET"]}}],"collection":[{"href":"https:\/\/www.efuels-forum.de\/en\/wp-json\/wp\/v2\/posts"}],"about":[{"href":"https:\/\/www.efuels-forum.de\/en\/wp-json\/wp\/v2\/types\/post"}],"author":[{"embeddable":true,"href":"https:\/\/www.efuels-forum.de\/en\/wp-json\/wp\/v2\/users\/7"}],"replies":[{"embeddable":true,"href":"https:\/\/www.efuels-forum.de\/en\/wp-json\/wp\/v2\/comments?post=8573"}],"version-history":[{"count":0,"href":"https:\/\/www.efuels-forum.de\/en\/wp-json\/wp\/v2\/posts\/8573\/revisions"}],"wp:featuredmedia":[{"embeddable":true,"href":"https:\/\/www.efuels-forum.de\/en\/wp-json\/wp\/v2\/media\/8571"}],"wp:attachment":[{"href":"https:\/\/www.efuels-forum.de\/en\/wp-json\/wp\/v2\/media?parent=8573"}],"wp:term":[{"taxonomy":"category","embeddable":true,"href":"https:\/\/www.efuels-forum.de\/en\/wp-json\/wp\/v2\/categories?post=8573"},{"taxonomy":"post_tag","embeddable":true,"href":"https:\/\/www.efuels-forum.de\/en\/wp-json\/wp\/v2\/tags?post=8573"}],"curies":[{"name":"wp","href":"https:\/\/api.w.org\/{rel}","templated":true}]}}